{"id":693,"date":"2022-04-05T03:02:01","date_gmt":"2022-04-05T02:02:01","guid":{"rendered":"https:\/\/martina-gerdts.de\/?p=693"},"modified":"2022-04-08T20:27:41","modified_gmt":"2022-04-08T19:27:41","slug":"nach-women-in-language-2022-ist-waehrend-women-in-language-2022","status":"publish","type":"post","link":"https:\/\/martina-gerdts.de\/pt\/nach-women-in-language-2022-ist-waehrend-women-in-language-2022\/","title":{"rendered":"Nach &#8220;Women in Language 2022&#8221; ist w\u00e4hrend &#8220;Women in Language 2022&#8221; beim Podcast &#8220;The Fluent Show&#8221;"},"content":{"rendered":"\n<p>Okay, dieser Beitragstitel mag verwirrend sein, aber er macht tats\u00e4chlich Sinn. Lasst es mich kurz erkl\u00e4ren. Ihr erinnert euch sicher noch, dass ich erz\u00e4hlt habe, dass ich bei &#8220;Women in Language 2022&#8221; mit einem Vortrag teilgenommen habe und auch bei einer Paneldiskussion zu Feminismus in der Sprachlernwelt gesprochen habe, richtig? Zugang zu den Aufnahmen haben die angemeldeten Teilnehmenden von &#8220;Women in Language 2022&#8221; bekommen. Es gab also immer die M\u00f6glichkeit, live dabei zu sein oder sich die Aufnahmen im Nachhinein nochmal anzusehen bzw. anzuh\u00f6ren. <\/p>\n\n\n\n<figure class=\"wp-block-image size-large is-resized\"><img loading=\"lazy\" decoding=\"async\" src=\"https:\/\/martina-gerdts.de\/wp-content\/uploads\/2022\/04\/Fluent-Show-Episode-Cover-1-700x700.jpg\" alt=\"\" class=\"wp-image-717\" width=\"467\" height=\"467\" srcset=\"https:\/\/martina-gerdts.de\/wp-content\/uploads\/2022\/04\/Fluent-Show-Episode-Cover-1-700x700.jpg 700w, https:\/\/martina-gerdts.de\/wp-content\/uploads\/2022\/04\/Fluent-Show-Episode-Cover-1-300x300.jpg 300w, https:\/\/martina-gerdts.de\/wp-content\/uploads\/2022\/04\/Fluent-Show-Episode-Cover-1-150x150.jpg 150w, https:\/\/martina-gerdts.de\/wp-content\/uploads\/2022\/04\/Fluent-Show-Episode-Cover-1-768x768.jpg 768w, https:\/\/martina-gerdts.de\/wp-content\/uploads\/2022\/04\/Fluent-Show-Episode-Cover-1-800x800.jpg 800w, https:\/\/martina-gerdts.de\/wp-content\/uploads\/2022\/04\/Fluent-Show-Episode-Cover-1.jpg 1080w\" sizes=\"auto, (max-width: 467px) 100vw, 467px\" \/><figcaption>&#8220;Feminism in Our Language World: A Panel Discussion from Women in Language&#8221; (Feminismus in Unserer Sprachwelt. Eine Paneldiskussion aus dem Event &#8220;Women in Language&#8221;). Cover: Kerstin Cable.<\/figcaption><\/figure>\n\n\n\n<p>Und jetzt kommen die News: Es wurde sich nun dazu entschieden, die Aufnahme der Paneldiskussion auf dem gro\u00dfartigen Podcast &#8220;The Fluent Show&#8221; von Kerstin Cable als neue Episode zu verarbeiten! Awesome! &#8220;The Fluent Show&#8221; ist tats\u00e4chlich einer der ersten Podcasts gewesen, die ich verfolgt habe. Umso gl\u00fccklicher bin ich, dass die Aufnahme von uns beim Panel &#8220;Feminism in Our Language World&#8221; auf dem Podcast zu h\u00f6ren ist! <\/p>\n\n\n\n<p>Wenn ihr euch also anh\u00f6ren m\u00f6chtet, was Archana Parmar, Chesline Pierre-Paul, Samantha Lassaux und ich bei dem Panel \u00fcber Feminismus zu sagen hatten, das von Kerstin Cable und Lindsay Williams gehostet wurde, <a href=\"https:\/\/www.fluent.show\/236\" target=\"_blank\" rel=\"noreferrer noopener\">h\u00f6rt gerne in die Episode 236 der &#8220;The Fluent Show&#8221; rein<\/a>! <\/p>\n\n\n\n<p>Es geht um die Bedeutung von Worten, von Handlungen und Identit\u00e4ten. Das Panel wurde auf Englisch aufgenommen. Und wenn ihr schon dabei seid, h\u00f6rt doch auch mal in die anderen Episoden rein! <\/p>\n\n\n\n<p><\/p>\n\n\n\n<p><strong>Links<\/strong><\/p>\n\n\n\n<p>Podcast &#8220;The Fluent Show&#8221; von Kerstin Cable, Episode 236: <a href=\"https:\/\/www.fluent.show\/236\" target=\"_blank\" rel=\"noreferrer noopener\">https:\/\/www.fluent.show\/236<\/a><\/p>\n","protected":false},"excerpt":{"rendered":"<p>Okay, dieser Beitragstitel mag verwirrend sein, aber er macht tats\u00e4chlich Sinn. Lasst es mich kurz erkl\u00e4ren. Ihr erinnert euch sicher noch, dass ich erz\u00e4hlt habe, dass ich bei &#8220;Women in Language 2022&#8221; mit einem Vortrag teilgenommen habe und auch bei einer Paneldiskussion zu Feminismus in der Sprachlernwelt gesprochen habe, richtig? Zugang zu den Aufnahmen haben &hellip; <\/p>\n<p class=\"link-more\"><a href=\"https:\/\/martina-gerdts.de\/pt\/nach-women-in-language-2022-ist-waehrend-women-in-language-2022\/\" class=\"more-link\">Continue reading<span class=\"screen-reader-text\"> &#8220;Nach &#8220;Women in Language 2022&#8221; ist w\u00e4hrend &#8220;Women in Language 2022&#8221; beim Podcast &#8220;The Fluent Show&#8221;&#8221;<\/span><\/a><\/p>\n","protected":false},"author":1,"featured_media":0,"comment_status":"closed","ping_status":"closed","sticky":false,"template":"","format":"standard","meta":{"footnotes":""},"categories":[1,53],"tags":[21,31,20,54,25,24],"class_list":["post-693","post","type-post","status-publish","format-standard","hentry","category-blog","category-podcast","tag-aktuelles","tag-feminismus","tag-news","tag-paneldiskussion","tag-sprachenlernen","tag-women-in-language"],"translation":{"provider":"WPGlobus","version":"3.0.2","language":"pt","enabled_languages":["de","en","pt"],"languages":{"de":{"title":true,"content":true,"excerpt":false},"en":{"title":true,"content":true,"excerpt":false},"pt":{"title":false,"content":false,"excerpt":false}}},"_links":{"self":[{"href":"https:\/\/martina-gerdts.de\/pt\/wp-json\/wp\/v2\/posts\/693","targetHints":{"allow":["GET"]}}],"collection":[{"href":"https:\/\/martina-gerdts.de\/pt\/wp-json\/wp\/v2\/posts"}],"about":[{"href":"https:\/\/martina-gerdts.de\/pt\/wp-json\/wp\/v2\/types\/post"}],"author":[{"embeddable":true,"href":"https:\/\/martina-gerdts.de\/pt\/wp-json\/wp\/v2\/users\/1"}],"replies":[{"embeddable":true,"href":"https:\/\/martina-gerdts.de\/pt\/wp-json\/wp\/v2\/comments?post=693"}],"version-history":[{"count":12,"href":"https:\/\/martina-gerdts.de\/pt\/wp-json\/wp\/v2\/posts\/693\/revisions"}],"predecessor-version":[{"id":725,"href":"https:\/\/martina-gerdts.de\/pt\/wp-json\/wp\/v2\/posts\/693\/revisions\/725"}],"wp:attachment":[{"href":"https:\/\/martina-gerdts.de\/pt\/wp-json\/wp\/v2\/media?parent=693"}],"wp:term":[{"taxonomy":"category","embeddable":true,"href":"https:\/\/martina-gerdts.de\/pt\/wp-json\/wp\/v2\/categories?post=693"},{"taxonomy":"post_tag","embeddable":true,"href":"https:\/\/martina-gerdts.de\/pt\/wp-json\/wp\/v2\/tags?post=693"}],"curies":[{"name":"wp","href":"https:\/\/api.w.org\/{rel}","templated":true}]}}